{"id":6004,"date":"2021-06-22T13:59:51","date_gmt":"2021-06-22T12:59:51","guid":{"rendered":"https:\/\/mayr-fort-frei.it\/?p=6004"},"modified":"2021-06-22T14:04:17","modified_gmt":"2021-06-22T13:04:17","slug":"italien-anpassung-der-neuen-betriebsstaetten-definition-an-beps","status":"publish","type":"post","link":"https:\/\/mayr-fort-frei.it\/de\/blog-de\/italien-anpassung-der-neuen-betriebsstaetten-definition-an-beps\/","title":{"rendered":"Italien: Anpassung der neuen Betriebsst\u00e4tten &#8211; Definition an BEPS"},"content":{"rendered":"<p>&#8222;<a href=\"https:\/\/mayr-fort-frei.it\/wp-content\/uploads\/2021\/04\/IStR-N-17-Italien-Anpassung-der-neuen-Betriebsstatten-Definition-an-BEPS.pdf\" target=\"_blank\" rel=\"noopener\">ISTR, Nr. 17\/2020<\/a>&#8222;, Seiten 653 \u2013 657<\/p>\n<p>Die Suche nach \u201eversteckten\u201c Betriebst\u00e4tten in Italien (von ausl\u00e4ndischen Unternehmen) steht bei Betriebspr\u00fcfungen stets auf dem Programm. Vor allem nach dem ber\u00fchmten Philip Morris-Urteil von 2002. Inzwischen hat Italien sogar die im \u201eFinal Report Action 7 BEPS\u201c (und im neuen OECD-MA 2017) sowie im Multilateral Instrument (<a href=\"https:\/\/www.oecd.org\/tax\/treaties\/multilateral-convention-to-implement-tax-treaty-related-measures-to-prevent-beps.htm\" target=\"_blank\" rel=\"noopener\">MLI<\/a>) enthaltenen Neuerungen in der Betriebst\u00e4tten-Definition ins nationale Recht \u00fcbernommen. Andererseits hat Italien gegen\u00fcber gewissen Bestimmungen des MLI Vorbehalte ausgesprochen \u2013 im besonderen gegen\u00fcber dem gesamten Artikel 12 = Vertreter-Betriebsst\u00e4tte &#8211; so dass Italien diese neue Definition nicht gegen\u00fcber den \u201ecovered tax agreements\u201c anwendet. Damit bleibt zwar das nationale Recht durch die Formulierung in den \u201ealten\u201c DBA eingeschr\u00e4nkt, aber es muss auch die italienische Rechtsprechung (Kassationsgericht) ber\u00fccksichtigt werden, die bereits die alte Formulierung des Art.5, Abs. 5 OECD-MA (vor 2017) im wesentlichen im Sinne der neuen Formulierung (Art. 5, Abs. 5 OECD-MA 2017) interpretiert hat.<\/p>\n<p><a href=\"https:\/\/mayr-fort-frei.it\/de\/team\/dott-siegfried-mayr\/\">by Dr. Siegfried Mayr<\/a><\/p>\n","protected":false},"excerpt":{"rendered":"<p>&#8222;ISTR, Nr. 17\/2020&#8222;, Seiten 653 \u2013 657 Die Suche nach \u201eversteckten\u201c Betriebst\u00e4tten in Italien (von ausl\u00e4ndischen Unternehmen) steht bei Betriebspr\u00fcfungen stets auf dem Programm. Vor allem nach dem ber\u00fchmten Philip Morris-Urteil von 2002. Inzwischen hat Italien sogar die im \u201eFinal Report Action 7 BEPS\u201c (und im neuen OECD-MA 2017) sowie im Multilateral Instrument (MLI) enthaltenen [&hellip;]<\/p>\n","protected":false},"author":2,"featured_media":6135,"comment_status":"open","ping_status":"open","sticky":true,"template":"","format":"standard","meta":[],"categories":[52],"tags":[96],"yoast_head":"<!-- This site is optimized with the Yoast SEO plugin v17.9 - https:\/\/yoast.com\/wordpress\/plugins\/seo\/ -->\n<title>Italien: Anpassung der neuen Betriebsst\u00e4tten - Definition an BEPS - Mayr Fort Frei - Studio Tributario Associato<\/title>\n<meta name=\"description\" content=\"Die Anpassung des italienischen Rechts an die Neuerungen im \u201eFinal Report Action 7 BEPS\u201c und im Multilateralen Instrument (MLI)\" \/>\n<meta name=\"robots\" content=\"index, follow, max-snippet:-1, max-image-preview:large, max-video-preview:-1\" \/>\n<link rel=\"canonical\" href=\"https:\/\/mayr-fort-frei.it\/de\/blog-de\/italien-anpassung-der-neuen-betriebsstaetten-definition-an-beps\/\" \/>\n<meta property=\"og:locale\" content=\"de_DE\" \/>\n<meta property=\"og:type\" content=\"article\" \/>\n<meta property=\"og:title\" content=\"Italien: Anpassung der neuen Betriebsst\u00e4tten - Definition an BEPS - Mayr Fort Frei - Studio Tributario Associato\" \/>\n<meta property=\"og:description\" content=\"Die Anpassung des italienischen Rechts an die Neuerungen im \u201eFinal Report Action 7 BEPS\u201c und im Multilateralen Instrument (MLI)\" \/>\n<meta property=\"og:url\" content=\"https:\/\/mayr-fort-frei.it\/de\/blog-de\/italien-anpassung-der-neuen-betriebsstaetten-definition-an-beps\/\" \/>\n<meta property=\"og:site_name\" content=\"Mayr Fort Frei - Studio Tributario Associato\" \/>\n<meta property=\"article:published_time\" content=\"2021-06-22T12:59:51+00:00\" \/>\n<meta property=\"article:modified_time\" content=\"2021-06-22T13:04:17+00:00\" \/>\n<meta property=\"og:image\" content=\"https:\/\/mayr-fort-frei.it\/wp-content\/uploads\/2021\/05\/Italien-Anpassung-der-neuen-Betriebsstatten-Definition-an-BEPS.jpg\" \/>\n\t<meta property=\"og:image:width\" content=\"800\" \/>\n\t<meta property=\"og:image:height\" content=\"460\" \/>\n\t<meta property=\"og:image:type\" content=\"image\/jpeg\" \/>\n<meta name=\"twitter:label1\" content=\"Verfasst von\" \/>\n\t<meta name=\"twitter:data1\" content=\"Studio MFF\" \/>\n\t<meta name=\"twitter:label2\" content=\"Gesch\u00e4tzte Lesezeit\" \/>\n\t<meta name=\"twitter:data2\" content=\"1 Minute\" \/>\n<script type=\"application\/ld+json\" class=\"yoast-schema-graph\">{\"@context\":\"https:\/\/schema.org\",\"@graph\":[{\"@type\":\"WebSite\",\"@id\":\"https:\/\/mayr-fort-frei.it\/#website\",\"url\":\"https:\/\/mayr-fort-frei.it\/\",\"name\":\"Mayr Fort Frei - Studio Tributario Associato\",\"description\":\"Studio Tributario Associato, consulenza ed assistenza in materia tributaria, contrattuale e societaria.\",\"potentialAction\":[{\"@type\":\"SearchAction\",\"target\":{\"@type\":\"EntryPoint\",\"urlTemplate\":\"https:\/\/mayr-fort-frei.it\/?s={search_term_string}\"},\"query-input\":\"required name=search_term_string\"}],\"inLanguage\":\"de-DE\"},{\"@type\":\"ImageObject\",\"@id\":\"https:\/\/mayr-fort-frei.it\/de\/blog-de\/italien-anpassung-der-neuen-betriebsstaetten-definition-an-beps\/#primaryimage\",\"inLanguage\":\"de-DE\",\"url\":\"https:\/\/mayr-fort-frei.it\/wp-content\/uploads\/2021\/05\/Italien-Anpassung-der-neuen-Betriebsstatten-Definition-an-BEPS.jpg\",\"contentUrl\":\"https:\/\/mayr-fort-frei.it\/wp-content\/uploads\/2021\/05\/Italien-Anpassung-der-neuen-Betriebsstatten-Definition-an-BEPS.jpg\",\"width\":800,\"height\":460,\"caption\":\"Italien Anpassung der neuen Betriebsst\\u00e4tten Definition an BEPS\"},{\"@type\":\"WebPage\",\"@id\":\"https:\/\/mayr-fort-frei.it\/de\/blog-de\/italien-anpassung-der-neuen-betriebsstaetten-definition-an-beps\/#webpage\",\"url\":\"https:\/\/mayr-fort-frei.it\/de\/blog-de\/italien-anpassung-der-neuen-betriebsstaetten-definition-an-beps\/\",\"name\":\"Italien: Anpassung der neuen Betriebsst\\u00e4tten - Definition an BEPS - Mayr Fort Frei - Studio Tributario Associato\",\"isPartOf\":{\"@id\":\"https:\/\/mayr-fort-frei.it\/#website\"},\"primaryImageOfPage\":{\"@id\":\"https:\/\/mayr-fort-frei.it\/de\/blog-de\/italien-anpassung-der-neuen-betriebsstaetten-definition-an-beps\/#primaryimage\"},\"datePublished\":\"2021-06-22T12:59:51+00:00\",\"dateModified\":\"2021-06-22T13:04:17+00:00\",\"author\":{\"@id\":\"https:\/\/mayr-fort-frei.it\/#\/schema\/person\/5c2d28b26f918c97450df87512b4e164\"},\"description\":\"Die Anpassung des italienischen Rechts an die Neuerungen im \\u201eFinal Report Action 7 BEPS\\u201c und im Multilateralen Instrument (MLI)\",\"breadcrumb\":{\"@id\":\"https:\/\/mayr-fort-frei.it\/de\/blog-de\/italien-anpassung-der-neuen-betriebsstaetten-definition-an-beps\/#breadcrumb\"},\"inLanguage\":\"de-DE\",\"potentialAction\":[{\"@type\":\"ReadAction\",\"target\":[\"https:\/\/mayr-fort-frei.it\/de\/blog-de\/italien-anpassung-der-neuen-betriebsstaetten-definition-an-beps\/\"]}]},{\"@type\":\"BreadcrumbList\",\"@id\":\"https:\/\/mayr-fort-frei.it\/de\/blog-de\/italien-anpassung-der-neuen-betriebsstaetten-definition-an-beps\/#breadcrumb\",\"itemListElement\":[{\"@type\":\"ListItem\",\"position\":1,\"name\":\"Home\",\"item\":\"https:\/\/mayr-fort-frei.it\/de\/\"},{\"@type\":\"ListItem\",\"position\":2,\"name\":\"Italien: Anpassung der neuen Betriebsst\\u00e4tten &#8211; Definition an BEPS\"}]},{\"@type\":\"Person\",\"@id\":\"https:\/\/mayr-fort-frei.it\/#\/schema\/person\/5c2d28b26f918c97450df87512b4e164\",\"name\":\"Studio MFF\",\"image\":{\"@type\":\"ImageObject\",\"@id\":\"https:\/\/mayr-fort-frei.it\/#personlogo\",\"inLanguage\":\"de-DE\",\"url\":\"https:\/\/secure.gravatar.com\/avatar\/e148ab0628111d96e37c756494477098?s=96&d=mm&r=g\",\"contentUrl\":\"https:\/\/secure.gravatar.com\/avatar\/e148ab0628111d96e37c756494477098?s=96&d=mm&r=g\",\"caption\":\"Studio MFF\"},\"sameAs\":[\"http:\/\/www.mayr-fort-frei.it\/\"],\"url\":\"https:\/\/mayr-fort-frei.it\/de\/author\/mff\/\"}]}<\/script>\n<!-- \/ Yoast SEO plugin. -->","yoast_head_json":{"title":"Italien: Anpassung der neuen Betriebsst\u00e4tten - Definition an BEPS - Mayr Fort Frei - Studio Tributario Associato","description":"Die Anpassung des italienischen Rechts an die Neuerungen im \u201eFinal Report Action 7 BEPS\u201c und im Multilateralen Instrument (MLI)","robots":{"index":"index","follow":"follow","max-snippet":"max-snippet:-1","max-image-preview":"max-image-preview:large","max-video-preview":"max-video-preview:-1"},"canonical":"https:\/\/mayr-fort-frei.it\/de\/blog-de\/italien-anpassung-der-neuen-betriebsstaetten-definition-an-beps\/","og_locale":"de_DE","og_type":"article","og_title":"Italien: Anpassung der neuen Betriebsst\u00e4tten - Definition an BEPS - Mayr Fort Frei - Studio Tributario Associato","og_description":"Die Anpassung des italienischen Rechts an die Neuerungen im \u201eFinal Report Action 7 BEPS\u201c und im Multilateralen Instrument (MLI)","og_url":"https:\/\/mayr-fort-frei.it\/de\/blog-de\/italien-anpassung-der-neuen-betriebsstaetten-definition-an-beps\/","og_site_name":"Mayr Fort Frei - Studio Tributario Associato","article_published_time":"2021-06-22T12:59:51+00:00","article_modified_time":"2021-06-22T13:04:17+00:00","og_image":[{"width":800,"height":460,"url":"https:\/\/mayr-fort-frei.it\/wp-content\/uploads\/2021\/05\/Italien-Anpassung-der-neuen-Betriebsstatten-Definition-an-BEPS.jpg","type":"image\/jpeg"}],"twitter_misc":{"Verfasst von":"Studio MFF","Gesch\u00e4tzte Lesezeit":"1 Minute"},"schema":{"@context":"https:\/\/schema.org","@graph":[{"@type":"WebSite","@id":"https:\/\/mayr-fort-frei.it\/#website","url":"https:\/\/mayr-fort-frei.it\/","name":"Mayr Fort Frei - Studio Tributario Associato","description":"Studio Tributario Associato, consulenza ed assistenza in materia tributaria, contrattuale e societaria.","potentialAction":[{"@type":"SearchAction","target":{"@type":"EntryPoint","urlTemplate":"https:\/\/mayr-fort-frei.it\/?s={search_term_string}"},"query-input":"required name=search_term_string"}],"inLanguage":"de-DE"},{"@type":"ImageObject","@id":"https:\/\/mayr-fort-frei.it\/de\/blog-de\/italien-anpassung-der-neuen-betriebsstaetten-definition-an-beps\/#primaryimage","inLanguage":"de-DE","url":"https:\/\/mayr-fort-frei.it\/wp-content\/uploads\/2021\/05\/Italien-Anpassung-der-neuen-Betriebsstatten-Definition-an-BEPS.jpg","contentUrl":"https:\/\/mayr-fort-frei.it\/wp-content\/uploads\/2021\/05\/Italien-Anpassung-der-neuen-Betriebsstatten-Definition-an-BEPS.jpg","width":800,"height":460,"caption":"Italien Anpassung der neuen Betriebsst\u00e4tten Definition an BEPS"},{"@type":"WebPage","@id":"https:\/\/mayr-fort-frei.it\/de\/blog-de\/italien-anpassung-der-neuen-betriebsstaetten-definition-an-beps\/#webpage","url":"https:\/\/mayr-fort-frei.it\/de\/blog-de\/italien-anpassung-der-neuen-betriebsstaetten-definition-an-beps\/","name":"Italien: Anpassung der neuen Betriebsst\u00e4tten - Definition an BEPS - Mayr Fort Frei - Studio Tributario Associato","isPartOf":{"@id":"https:\/\/mayr-fort-frei.it\/#website"},"primaryImageOfPage":{"@id":"https:\/\/mayr-fort-frei.it\/de\/blog-de\/italien-anpassung-der-neuen-betriebsstaetten-definition-an-beps\/#primaryimage"},"datePublished":"2021-06-22T12:59:51+00:00","dateModified":"2021-06-22T13:04:17+00:00","author":{"@id":"https:\/\/mayr-fort-frei.it\/#\/schema\/person\/5c2d28b26f918c97450df87512b4e164"},"description":"Die Anpassung des italienischen Rechts an die Neuerungen im \u201eFinal Report Action 7 BEPS\u201c und im Multilateralen Instrument (MLI)","breadcrumb":{"@id":"https:\/\/mayr-fort-frei.it\/de\/blog-de\/italien-anpassung-der-neuen-betriebsstaetten-definition-an-beps\/#breadcrumb"},"inLanguage":"de-DE","potentialAction":[{"@type":"ReadAction","target":["https:\/\/mayr-fort-frei.it\/de\/blog-de\/italien-anpassung-der-neuen-betriebsstaetten-definition-an-beps\/"]}]},{"@type":"BreadcrumbList","@id":"https:\/\/mayr-fort-frei.it\/de\/blog-de\/italien-anpassung-der-neuen-betriebsstaetten-definition-an-beps\/#breadcrumb","itemListElement":[{"@type":"ListItem","position":1,"name":"Home","item":"https:\/\/mayr-fort-frei.it\/de\/"},{"@type":"ListItem","position":2,"name":"Italien: Anpassung der neuen Betriebsst\u00e4tten &#8211; Definition an BEPS"}]},{"@type":"Person","@id":"https:\/\/mayr-fort-frei.it\/#\/schema\/person\/5c2d28b26f918c97450df87512b4e164","name":"Studio MFF","image":{"@type":"ImageObject","@id":"https:\/\/mayr-fort-frei.it\/#personlogo","inLanguage":"de-DE","url":"https:\/\/secure.gravatar.com\/avatar\/e148ab0628111d96e37c756494477098?s=96&d=mm&r=g","contentUrl":"https:\/\/secure.gravatar.com\/avatar\/e148ab0628111d96e37c756494477098?s=96&d=mm&r=g","caption":"Studio MFF"},"sameAs":["http:\/\/www.mayr-fort-frei.it\/"],"url":"https:\/\/mayr-fort-frei.it\/de\/author\/mff\/"}]}},"_links":{"self":[{"href":"https:\/\/mayr-fort-frei.it\/de\/wp-json\/wp\/v2\/posts\/6004"}],"collection":[{"href":"https:\/\/mayr-fort-frei.it\/de\/wp-json\/wp\/v2\/posts"}],"about":[{"href":"https:\/\/mayr-fort-frei.it\/de\/wp-json\/wp\/v2\/types\/post"}],"author":[{"embeddable":true,"href":"https:\/\/mayr-fort-frei.it\/de\/wp-json\/wp\/v2\/users\/2"}],"replies":[{"embeddable":true,"href":"https:\/\/mayr-fort-frei.it\/de\/wp-json\/wp\/v2\/comments?post=6004"}],"version-history":[{"count":9,"href":"https:\/\/mayr-fort-frei.it\/de\/wp-json\/wp\/v2\/posts\/6004\/revisions"}],"predecessor-version":[{"id":6141,"href":"https:\/\/mayr-fort-frei.it\/de\/wp-json\/wp\/v2\/posts\/6004\/revisions\/6141"}],"wp:featuredmedia":[{"embeddable":true,"href":"https:\/\/mayr-fort-frei.it\/de\/wp-json\/wp\/v2\/media\/6135"}],"wp:attachment":[{"href":"https:\/\/mayr-fort-frei.it\/de\/wp-json\/wp\/v2\/media?parent=6004"}],"wp:term":[{"taxonomy":"category","embeddable":true,"href":"https:\/\/mayr-fort-frei.it\/de\/wp-json\/wp\/v2\/categories?post=6004"},{"taxonomy":"post_tag","embeddable":true,"href":"https:\/\/mayr-fort-frei.it\/de\/wp-json\/wp\/v2\/tags?post=6004"}],"curies":[{"name":"wp","href":"https:\/\/api.w.org\/{rel}","templated":true}]}}